{"id":13186,"date":"2019-07-22T10:10:59","date_gmt":"2019-07-22T08:10:59","guid":{"rendered":"https:\/\/www.welten-verbinden.at\/start2018\/?p=13186"},"modified":"2019-07-22T10:20:45","modified_gmt":"2019-07-22T08:20:45","slug":"lebenswerte-gemeinde-bewusst-gemeinsam-leben","status":"publish","type":"post","link":"https:\/\/www.welten-verbinden.at\/start2018\/lebenswerte-gemeinde-bewusst-gemeinsam-leben\/","title":{"rendered":"Lebenswerte Gemeinde &#8211; Bewusst gemeinsam Leben"},"content":{"rendered":"<div class=\"fusion-fullwidth fullwidth-box fusion-builder-row-1 nonhundred-percent-fullwidth non-hundred-percent-height-scrolling\" style=\"background-color: #ffffff;background-position: center center;background-repeat: no-repeat;padding-top:0px;padding-right:0px;padding-bottom:0px;padding-left:0px;margin-bottom: 0px;margin-top: 0px;border-width: 0px 0px 0px 0px;border-color:#eae9e9;border-style:solid;\" ><div class=\"fusion-builder-row fusion-row\"><div class=\"fusion-layout-column fusion_builder_column fusion-builder-column-0 fusion_builder_column_1_4 1_4 fusion-one-fourth fusion-column-first\" style=\"width:25%;width:calc(25% - ( ( 4% ) * 0.25 ) );margin-right: 4%;margin-top:0px;margin-bottom:20px;\"><div class=\"fusion-column-wrapper fusion-flex-column-wrapper-legacy\" style=\"background-position:left top;background-repeat:no-repeat;-webkit-background-size:cover;-moz-background-size:cover;-o-background-size:cover;background-size:cover;padding: 0px 0px 0px 0px;\"><span class=\" fusion-imageframe imageframe-none imageframe-1 hover-type-none\"><img width=\"250\" image_height=\"237\" image_id=\"12995\" title=\"Lebenswerte-gemeinde-logo-01\" src=\"https:\/\/www.welten-verbinden.at\/wp-content\/uploads\/2019\/02\/Lebenswerte-gemeinde-logo-01.png\" class=\"img-responsive wp-image-12995\" srcset=\"https:\/\/www.welten-verbinden.at\/wp-content\/uploads\/2019\/02\/Lebenswerte-gemeinde-logo-01-200x190.png 200w, https:\/\/www.welten-verbinden.at\/wp-content\/uploads\/2019\/02\/Lebenswerte-gemeinde-logo-01.png 250w\" sizes=\"(max-width: 800px) 100vw, 250px\" \/><\/span><div class=\"fusion-clearfix\"><\/div><\/div><\/div><div class=\"fusion-layout-column fusion_builder_column fusion-builder-column-1 fusion_builder_column_3_4 3_4 fusion-three-fourth fusion-column-last\" style=\"width:75%;width:calc(75% - ( ( 4% ) * 0.75 ) );margin-top:0px;margin-bottom:20px;\"><div class=\"fusion-column-wrapper fusion-flex-column-wrapper-legacy\" style=\"background-position:left top;background-repeat:no-repeat;-webkit-background-size:cover;-moz-background-size:cover;-o-background-size:cover;background-size:cover;padding: 0px 0px 0px 0px;\"><div class=\"fusion-video fusion-youtube\" style=\"max-width:600px;max-height:360px;\"><div class=\"video-shortcode\"><iframe title=\"YouTube video player\" src=\"https:\/\/www.youtube.com\/embed\/2ZjtCx3BzwU?wmode=transparent&autoplay=0\" width=\"600\" height=\"360\" allowfullscreen allow=\"autoplay; fullscreen\"><\/iframe><\/div><\/div><div class=\"fusion-text fusion-text-1\"><p class=\"title\">\u00dcber 2.500 Menschen aus innovativen und nachhaltigen Unternehmen, zukunftsorientierten Gemeinden, der \u00f6ffentlichen Hand sowie kreative K\u00f6pfe aus ganz \u00d6sterreich begegnen sich zum Austausch ihrer Erfahrungen. Pioniere mit jahrzehntelanger Erfahrung treffen sich mit engagierten Menschen aus allen Bereichen der Gesellschaft. <a class=\"yt-simple-endpoint style-scope yt-formatted-string\" spellcheck=\"false\" href=\"https:\/\/www.youtube.com\/redirect?event=video_description&amp;v=2ZjtCx3BzwU&amp;redir_token=EUx-Bj_KO7sxZX-0Ydm_EWZz9I58MTU2Mzg2ODc4M0AxNTYzNzgyMzgz&amp;q=https%3A%2F%2Fwww.lebenswertegemeinde.at%2F\" target=\"_blank\" rel=\"nofollow noopener\">https:\/\/www.lebenswertegemeinde.at\/<\/a><\/p>\n<p class=\"title\">April 2019: Start \u00f6sterreichweite Klimawandlerreise: <a class=\"yt-simple-endpoint style-scope yt-formatted-string\" spellcheck=\"false\" href=\"https:\/\/www.youtube.com\/redirect?event=video_description&amp;v=2ZjtCx3BzwU&amp;redir_token=EUx-Bj_KO7sxZX-0Ydm_EWZz9I58MTU2Mzg2ODc4M0AxNTYzNzgyMzgz&amp;q=https%3A%2F%2Flebenswertegemeinde.at%2F%3Fp%3D617\" target=\"_blank\" rel=\"nofollow noopener\">https:\/\/lebenswertegemeinde.at\/?p=617<\/a> Wie f\u00f6rdern wir den l\u00e4ndlichen Er-Lebensraum? Wir als freie Vereinigung Lebenswerte Gemeinde stellen Pionieren, Vorbildern und Vision\u00e4ren unseres Landes eine B\u00fchne zur Verf\u00fcgung, in der sich tausende Menschen begegnen, um den neuen Zeitgeist einzul\u00e4uten und in Selbstkompetenz zu handeln.<\/p>\n<p class=\"title\">Es geht darum, das jeweilige Thema, das unseren Lebensraum f\u00f6rdert, in Szene zu setzen, um sich gegenseitig zu inspirieren. Damit entstehen mehr und mehr aufbauende Ortszellen, wo neben der Politik und der Gemeinde als Verwaltung, auch die Gemeinschaft zusammen mit der regionalen Wirtschaft Verantwortung f\u00fcr eine nachhaltige Zukunft \u00fcbernehmen.<\/p>\n<p class=\"title\">Ein kleiner Gedanke von HEUTE kann zur gro\u00dfen L\u00f6sung von MORGEN werden &#8211; auch Du kannst etwas dazu beitragen. JETZT! Gemeinsam gestalten wir unseren Lebensraum! Am 14. September 2019 in der Salzburgarena wirst genau DU gebraucht!<\/p>\n<\/div><div class=\"fusion-clearfix\"><\/div><\/div><\/div><\/div><\/div>\n","protected":false},"excerpt":{"rendered":"","protected":false},"author":3,"featured_media":13192,"comment_status":"open","ping_status":"open","sticky":false,"template":"","format":"standard","meta":[],"categories":[70,72,51,189,188,78,34,32],"tags":[177,179,184,180,178],"yoast_head":"<!-- This site is optimized with the Yoast SEO plugin v14.8 - https:\/\/yoast.com\/wordpress\/plugins\/seo\/ -->\n<title>Lebenswerte Gemeinde - Bewusst gemeinsam Leben - welten-verbinden<\/title>\n<meta name=\"robots\" content=\"index, follow\" \/>\n<meta name=\"googlebot\" content=\"index, follow, max-snippet:-1, max-image-preview:large, max-video-preview:-1\" \/>\n<meta name=\"bingbot\" content=\"index, follow, max-snippet:-1, max-image-preview:large, max-video-preview:-1\" \/>\n<link rel=\"canonical\" href=\"https:\/\/www.welten-verbinden.at\/start2018\/lebenswerte-gemeinde-bewusst-gemeinsam-leben\/\" \/>\n<meta property=\"og:locale\" content=\"de_DE\" \/>\n<meta property=\"og:type\" content=\"article\" \/>\n<meta property=\"og:title\" content=\"Lebenswerte Gemeinde - Bewusst gemeinsam Leben - welten-verbinden\" \/>\n<meta property=\"og:url\" content=\"https:\/\/www.welten-verbinden.at\/start2018\/lebenswerte-gemeinde-bewusst-gemeinsam-leben\/\" \/>\n<meta property=\"og:site_name\" content=\"welten-verbinden\" \/>\n<meta property=\"article:published_time\" content=\"2019-07-22T08:10:59+00:00\" \/>\n<meta property=\"article:modified_time\" content=\"2019-07-22T08:20:45+00:00\" \/>\n<meta property=\"og:image\" content=\"https:\/\/www.welten-verbinden.at\/wp-content\/uploads\/2019\/07\/LG-Vid-1.jpg\" \/>\n\t<meta property=\"og:image:width\" content=\"2036\" \/>\n\t<meta property=\"og:image:height\" content=\"990\" \/>\n<meta name=\"twitter:card\" content=\"summary_large_image\" \/>\n<script type=\"application\/ld+json\" class=\"yoast-schema-graph\">{\"@context\":\"https:\/\/schema.org\",\"@graph\":[{\"@type\":\"WebSite\",\"@id\":\"https:\/\/www.welten-verbinden.at\/start2018\/#website\",\"url\":\"https:\/\/www.welten-verbinden.at\/start2018\/\",\"name\":\"welten-verbinden\",\"description\":\"\",\"potentialAction\":[{\"@type\":\"SearchAction\",\"target\":\"https:\/\/www.welten-verbinden.at\/start2018\/?s={search_term_string}\",\"query-input\":\"required name=search_term_string\"}],\"inLanguage\":\"de\"},{\"@type\":\"ImageObject\",\"@id\":\"https:\/\/www.welten-verbinden.at\/start2018\/lebenswerte-gemeinde-bewusst-gemeinsam-leben\/#primaryimage\",\"inLanguage\":\"de\",\"url\":\"https:\/\/www.welten-verbinden.at\/wp-content\/uploads\/2019\/07\/LG-Vid-1.jpg\",\"width\":2036,\"height\":990},{\"@type\":\"WebPage\",\"@id\":\"https:\/\/www.welten-verbinden.at\/start2018\/lebenswerte-gemeinde-bewusst-gemeinsam-leben\/#webpage\",\"url\":\"https:\/\/www.welten-verbinden.at\/start2018\/lebenswerte-gemeinde-bewusst-gemeinsam-leben\/\",\"name\":\"Lebenswerte Gemeinde - Bewusst gemeinsam Leben - welten-verbinden\",\"isPartOf\":{\"@id\":\"https:\/\/www.welten-verbinden.at\/start2018\/#website\"},\"primaryImageOfPage\":{\"@id\":\"https:\/\/www.welten-verbinden.at\/start2018\/lebenswerte-gemeinde-bewusst-gemeinsam-leben\/#primaryimage\"},\"datePublished\":\"2019-07-22T08:10:59+00:00\",\"dateModified\":\"2019-07-22T08:20:45+00:00\",\"author\":{\"@id\":\"https:\/\/www.welten-verbinden.at\/start2018\/#\/schema\/person\/e6df6d78b23e7e362d8ad54a62be7caf\"},\"inLanguage\":\"de\",\"potentialAction\":[{\"@type\":\"ReadAction\",\"target\":[\"https:\/\/www.welten-verbinden.at\/start2018\/lebenswerte-gemeinde-bewusst-gemeinsam-leben\/\"]}]},{\"@type\":\"Person\",\"@id\":\"https:\/\/www.welten-verbinden.at\/start2018\/#\/schema\/person\/e6df6d78b23e7e362d8ad54a62be7caf\",\"name\":\"Roland Jaritz\",\"image\":{\"@type\":\"ImageObject\",\"@id\":\"https:\/\/www.welten-verbinden.at\/start2018\/#personlogo\",\"inLanguage\":\"de\",\"url\":\"https:\/\/secure.gravatar.com\/avatar\/f3685315524b08935334879a79faf26b?s=96&d=mm&r=g\",\"caption\":\"Roland Jaritz\"}}]}<\/script>\n<!-- \/ Yoast SEO plugin. -->","_links":{"self":[{"href":"https:\/\/www.welten-verbinden.at\/start2018\/wp-json\/wp\/v2\/posts\/13186"}],"collection":[{"href":"https:\/\/www.welten-verbinden.at\/start2018\/wp-json\/wp\/v2\/posts"}],"about":[{"href":"https:\/\/www.welten-verbinden.at\/start2018\/wp-json\/wp\/v2\/types\/post"}],"author":[{"embeddable":true,"href":"https:\/\/www.welten-verbinden.at\/start2018\/wp-json\/wp\/v2\/users\/3"}],"replies":[{"embeddable":true,"href":"https:\/\/www.welten-verbinden.at\/start2018\/wp-json\/wp\/v2\/comments?post=13186"}],"version-history":[{"count":1,"href":"https:\/\/www.welten-verbinden.at\/start2018\/wp-json\/wp\/v2\/posts\/13186\/revisions"}],"predecessor-version":[{"id":13187,"href":"https:\/\/www.welten-verbinden.at\/start2018\/wp-json\/wp\/v2\/posts\/13186\/revisions\/13187"}],"wp:featuredmedia":[{"embeddable":true,"href":"https:\/\/www.welten-verbinden.at\/start2018\/wp-json\/wp\/v2\/media\/13192"}],"wp:attachment":[{"href":"https:\/\/www.welten-verbinden.at\/start2018\/wp-json\/wp\/v2\/media?parent=13186"}],"wp:term":[{"taxonomy":"category","embeddable":true,"href":"https:\/\/www.welten-verbinden.at\/start2018\/wp-json\/wp\/v2\/categories?post=13186"},{"taxonomy":"post_tag","embeddable":true,"href":"https:\/\/www.welten-verbinden.at\/start2018\/wp-json\/wp\/v2\/tags?post=13186"}],"curies":[{"name":"wp","href":"https:\/\/api.w.org\/{rel}","templated":true}]}}