{"id":13103,"date":"2019-03-15T10:38:24","date_gmt":"2019-03-15T09:38:24","guid":{"rendered":"https:\/\/www.welten-verbinden.at\/start2018\/?p=13103"},"modified":"2019-03-15T10:38:24","modified_gmt":"2019-03-15T09:38:24","slug":"prof-michael-braungart-cradle-to-cradle-keynote-entrepreneurship-summit-2015-in-berlin","status":"publish","type":"post","link":"https:\/\/www.welten-verbinden.at\/start2018\/prof-michael-braungart-cradle-to-cradle-keynote-entrepreneurship-summit-2015-in-berlin\/","title":{"rendered":"Prof. Michael Braungart Cradle to Cradle Keynote \u2013 Entrepreneurship Summit 2015 in Berlin"},"content":{"rendered":"<div class=\"fusion-fullwidth fullwidth-box fusion-builder-row-1 nonhundred-percent-fullwidth non-hundred-percent-height-scrolling\" style=\"background-color: #ffffff;background-position: center center;background-repeat: no-repeat;padding-top:0px;padding-right:0px;padding-bottom:0px;padding-left:0px;margin-bottom: 0px;margin-top: 0px;border-width: 0px 0px 0px 0px;border-color:#eae9e9;border-style:solid;\" ><div class=\"fusion-builder-row fusion-row\"><div class=\"fusion-layout-column fusion_builder_column fusion-builder-column-0 fusion_builder_column_1_4 1_4 fusion-one-fourth fusion-column-first\" style=\"width:25%;width:calc(25% - ( ( 4% ) * 0.25 ) );margin-right: 4%;margin-top:0px;margin-bottom:20px;\"><div class=\"fusion-column-wrapper fusion-flex-column-wrapper-legacy\" style=\"background-position:left top;background-repeat:no-repeat;-webkit-background-size:cover;-moz-background-size:cover;-o-background-size:cover;background-size:cover;padding: 0px 0px 0px 0px;\"><span class=\" fusion-imageframe imageframe-none imageframe-1 hover-type-none\"><img width=\"904\" image_height=\"1024\" image_id=\"13104\" title=\"Prof.Braungart\" src=\"https:\/\/www.welten-verbinden.at\/wp-content\/uploads\/2019\/03\/Prof.Braungart-904x1024.jpg\" class=\"img-responsive wp-image-13104\" srcset=\"https:\/\/www.welten-verbinden.at\/wp-content\/uploads\/2019\/03\/Prof.Braungart-200x227.jpg 200w, https:\/\/www.welten-verbinden.at\/wp-content\/uploads\/2019\/03\/Prof.Braungart-400x453.jpg 400w, https:\/\/www.welten-verbinden.at\/wp-content\/uploads\/2019\/03\/Prof.Braungart-600x680.jpg 600w, https:\/\/www.welten-verbinden.at\/wp-content\/uploads\/2019\/03\/Prof.Braungart-800x907.jpg 800w, https:\/\/www.welten-verbinden.at\/wp-content\/uploads\/2019\/03\/Prof.Braungart.jpg 1066w\" sizes=\"(max-width: 800px) 100vw, 400px\" \/><\/span><div class=\"fusion-clearfix\"><\/div><\/div><\/div><div class=\"fusion-layout-column fusion_builder_column fusion-builder-column-1 fusion_builder_column_3_4 3_4 fusion-three-fourth fusion-column-last\" style=\"width:75%;width:calc(75% - ( ( 4% ) * 0.75 ) );margin-top:0px;margin-bottom:20px;\"><div class=\"fusion-column-wrapper fusion-flex-column-wrapper-legacy\" style=\"background-position:left top;background-repeat:no-repeat;-webkit-background-size:cover;-moz-background-size:cover;-o-background-size:cover;background-size:cover;padding: 0px 0px 0px 0px;\"><div class=\"fusion-video fusion-youtube\" style=\"max-width:600px;max-height:360px;\"><div class=\"video-shortcode\"><iframe title=\"YouTube video player\" src=\"https:\/\/www.youtube.com\/embed\/Fjvmik8mt0c?wmode=transparent&autoplay=0\" width=\"600\" height=\"360\" allowfullscreen allow=\"autoplay; fullscreen\"><\/iframe><\/div><\/div><div class=\"fusion-text fusion-text-1\"><h3 class=\"title\">Prof. Michael Braungart Cradle to Cradle Keynote \u2013 Entrepreneurship Summit 2015 in Berlin<\/h3>\n<p class=\"title\">Prof. Braungarts Cradle to Cradle Ansatz stellt eine gute Erg\u00e4nzung des Entrepreneurial Design Ansatzes von Prof. Faltin dar. Gute Entrepreneurial Designs sind im Einklang mit dem Gr\u00fcnder, den Werten der Gesellschaft und der Umwelt. Prof. Braungart zeigt auf, dass Produkte und Dienstleistungen m\u00f6glich sind, wie ohne Schaden f\u00fcr die Umwelt schon heute m\u00f6glich sind. Der Entrepreneurship Summit findet im Oktober in Berlin statt. Weitere Videos, Informationen und Networking-M\u00f6glichkeiten auf <a class=\"yt-simple-endpoint style-scope yt-formatted-string\" spellcheck=\"false\" href=\"https:\/\/www.youtube.com\/redirect?event=video_description&amp;v=Fjvmik8mt0c&amp;redir_token=UDfY-qdtwuDh6f_3d4TZuxKb4Pt8MTU1MjcyODc4NUAxNTUyNjQyMzg1&amp;q=http%3A%2F%2Fwww.entrepreneurship.de%2Fsummit%2F\" target=\"_blank\" rel=\"nofollow noopener\">http:\/\/www.entrepreneurship.de\/summit\/<\/a> Dieses Video wurde beim Entrepreneurship Summit am 24. und 25. Oktober 2015 in Berlin aufgenommen. Der Entrepreneurship Summit 2015 steht in der Tradition der j\u00e4hrlich stattfindenden Veranstaltungen der Stiftung Entrepreneurship zum Thema \u201eEntrepreneurship&#8221;, die seit Bestehen der Stiftung 2001 eine wachsende Teilnehmerzahl verzeichnen kann. Im vergangenen Jahr kamen \u00fcber 1.500 Gr\u00fcndungsinteressierte in den Henry-Ford-Bau der Freien Universit\u00e4t Berlin.<\/p>\n<\/div><div class=\"fusion-clearfix\"><\/div><\/div><\/div><\/div><\/div>\n","protected":false},"excerpt":{"rendered":"","protected":false},"author":3,"featured_media":13104,"comment_status":"open","ping_status":"open","sticky":false,"template":"","format":"standard","meta":[],"categories":[39,70,72,34,32],"tags":[177,179,184,180,178],"yoast_head":"<!-- This site is optimized with the Yoast SEO plugin v14.8 - https:\/\/yoast.com\/wordpress\/plugins\/seo\/ -->\n<title>Prof. Michael Braungart Cradle to Cradle Keynote \u2013 Entrepreneurship Summit 2015 in Berlin - welten-verbinden<\/title>\n<meta name=\"robots\" content=\"index, follow\" \/>\n<meta name=\"googlebot\" content=\"index, follow, max-snippet:-1, max-image-preview:large, max-video-preview:-1\" \/>\n<meta name=\"bingbot\" content=\"index, follow, max-snippet:-1, max-image-preview:large, max-video-preview:-1\" \/>\n<link rel=\"canonical\" href=\"https:\/\/www.welten-verbinden.at\/start2018\/prof-michael-braungart-cradle-to-cradle-keynote-entrepreneurship-summit-2015-in-berlin\/\" \/>\n<meta property=\"og:locale\" content=\"de_DE\" \/>\n<meta property=\"og:type\" content=\"article\" \/>\n<meta property=\"og:title\" content=\"Prof. Michael Braungart Cradle to Cradle Keynote \u2013 Entrepreneurship Summit 2015 in Berlin - welten-verbinden\" \/>\n<meta property=\"og:url\" content=\"https:\/\/www.welten-verbinden.at\/start2018\/prof-michael-braungart-cradle-to-cradle-keynote-entrepreneurship-summit-2015-in-berlin\/\" \/>\n<meta property=\"og:site_name\" content=\"welten-verbinden\" \/>\n<meta property=\"article:published_time\" content=\"2019-03-15T09:38:24+00:00\" \/>\n<meta property=\"og:image\" content=\"https:\/\/www.welten-verbinden.at\/wp-content\/uploads\/2019\/03\/Prof.Braungart.jpg\" \/>\n\t<meta property=\"og:image:width\" content=\"1066\" \/>\n\t<meta property=\"og:image:height\" content=\"1208\" \/>\n<meta name=\"twitter:card\" content=\"summary_large_image\" \/>\n<script type=\"application\/ld+json\" class=\"yoast-schema-graph\">{\"@context\":\"https:\/\/schema.org\",\"@graph\":[{\"@type\":\"WebSite\",\"@id\":\"https:\/\/www.welten-verbinden.at\/start2018\/#website\",\"url\":\"https:\/\/www.welten-verbinden.at\/start2018\/\",\"name\":\"welten-verbinden\",\"description\":\"\",\"potentialAction\":[{\"@type\":\"SearchAction\",\"target\":\"https:\/\/www.welten-verbinden.at\/start2018\/?s={search_term_string}\",\"query-input\":\"required name=search_term_string\"}],\"inLanguage\":\"de\"},{\"@type\":\"ImageObject\",\"@id\":\"https:\/\/www.welten-verbinden.at\/start2018\/prof-michael-braungart-cradle-to-cradle-keynote-entrepreneurship-summit-2015-in-berlin\/#primaryimage\",\"inLanguage\":\"de\",\"url\":\"https:\/\/www.welten-verbinden.at\/wp-content\/uploads\/2019\/03\/Prof.Braungart.jpg\",\"width\":1066,\"height\":1208},{\"@type\":\"WebPage\",\"@id\":\"https:\/\/www.welten-verbinden.at\/start2018\/prof-michael-braungart-cradle-to-cradle-keynote-entrepreneurship-summit-2015-in-berlin\/#webpage\",\"url\":\"https:\/\/www.welten-verbinden.at\/start2018\/prof-michael-braungart-cradle-to-cradle-keynote-entrepreneurship-summit-2015-in-berlin\/\",\"name\":\"Prof. Michael Braungart Cradle to Cradle Keynote \\u2013 Entrepreneurship Summit 2015 in Berlin - welten-verbinden\",\"isPartOf\":{\"@id\":\"https:\/\/www.welten-verbinden.at\/start2018\/#website\"},\"primaryImageOfPage\":{\"@id\":\"https:\/\/www.welten-verbinden.at\/start2018\/prof-michael-braungart-cradle-to-cradle-keynote-entrepreneurship-summit-2015-in-berlin\/#primaryimage\"},\"datePublished\":\"2019-03-15T09:38:24+00:00\",\"dateModified\":\"2019-03-15T09:38:24+00:00\",\"author\":{\"@id\":\"https:\/\/www.welten-verbinden.at\/start2018\/#\/schema\/person\/e6df6d78b23e7e362d8ad54a62be7caf\"},\"inLanguage\":\"de\",\"potentialAction\":[{\"@type\":\"ReadAction\",\"target\":[\"https:\/\/www.welten-verbinden.at\/start2018\/prof-michael-braungart-cradle-to-cradle-keynote-entrepreneurship-summit-2015-in-berlin\/\"]}]},{\"@type\":\"Person\",\"@id\":\"https:\/\/www.welten-verbinden.at\/start2018\/#\/schema\/person\/e6df6d78b23e7e362d8ad54a62be7caf\",\"name\":\"Roland Jaritz\",\"image\":{\"@type\":\"ImageObject\",\"@id\":\"https:\/\/www.welten-verbinden.at\/start2018\/#personlogo\",\"inLanguage\":\"de\",\"url\":\"https:\/\/secure.gravatar.com\/avatar\/f3685315524b08935334879a79faf26b?s=96&d=mm&r=g\",\"caption\":\"Roland Jaritz\"}}]}<\/script>\n<!-- \/ Yoast SEO plugin. -->","_links":{"self":[{"href":"https:\/\/www.welten-verbinden.at\/start2018\/wp-json\/wp\/v2\/posts\/13103"}],"collection":[{"href":"https:\/\/www.welten-verbinden.at\/start2018\/wp-json\/wp\/v2\/posts"}],"about":[{"href":"https:\/\/www.welten-verbinden.at\/start2018\/wp-json\/wp\/v2\/types\/post"}],"author":[{"embeddable":true,"href":"https:\/\/www.welten-verbinden.at\/start2018\/wp-json\/wp\/v2\/users\/3"}],"replies":[{"embeddable":true,"href":"https:\/\/www.welten-verbinden.at\/start2018\/wp-json\/wp\/v2\/comments?post=13103"}],"version-history":[{"count":1,"href":"https:\/\/www.welten-verbinden.at\/start2018\/wp-json\/wp\/v2\/posts\/13103\/revisions"}],"predecessor-version":[{"id":13106,"href":"https:\/\/www.welten-verbinden.at\/start2018\/wp-json\/wp\/v2\/posts\/13103\/revisions\/13106"}],"wp:featuredmedia":[{"embeddable":true,"href":"https:\/\/www.welten-verbinden.at\/start2018\/wp-json\/wp\/v2\/media\/13104"}],"wp:attachment":[{"href":"https:\/\/www.welten-verbinden.at\/start2018\/wp-json\/wp\/v2\/media?parent=13103"}],"wp:term":[{"taxonomy":"category","embeddable":true,"href":"https:\/\/www.welten-verbinden.at\/start2018\/wp-json\/wp\/v2\/categories?post=13103"},{"taxonomy":"post_tag","embeddable":true,"href":"https:\/\/www.welten-verbinden.at\/start2018\/wp-json\/wp\/v2\/tags?post=13103"}],"curies":[{"name":"wp","href":"https:\/\/api.w.org\/{rel}","templated":true}]}}